{"id":265,"date":"2016-09-16T13:52:57","date_gmt":"2016-09-16T11:52:57","guid":{"rendered":"http:\/\/cdmo.pl\/?p=265"},"modified":"2017-10-11T11:57:15","modified_gmt":"2017-10-11T09:57:15","slug":"alexei-schmitov","status":"publish","type":"post","link":"http:\/\/cdmo.pl\/?p=265","title":{"rendered":"Julieta Gonzalez-Springer"},"content":{"rendered":"<h2>Julieta Gonzalez-Springer<\/h2>\n<p>Urodzona w Meksyku, zaczyna\u0142a nauk\u0119 \u015bpiewu w Konserwatorium Narodowym w Meksyku. Uko\u0144czy\u0142a studia wokalne w krakowskiej Akademii Muzycznej pod kierunkiem Barbary Niewiadomskiej, a nast\u0119pnie studia podyplomowe w <em>Centrum Muzyki Dawnej<\/em> w Genewie pod kierunkiem Beatrice Cramoix w dziedzinie \u015bpiewu barokowego i Fancisa Biggi (ensemble <em>Lucidarium<\/em>) oraz Laurence Brisset (ensemble <em>De Caelis<\/em>) w zakresie muzyki \u015bredniowiecznej. Uczestniczy\u0142a w kursach prowadzonych m.in. przez Jill Feldman, Benjamina Bagby (<em>Sequentia<\/em>), Katarina Livljani\u0107 (<em>Dialogos<\/em>), Harry\u2019ego van der Kampa, Marie Leonhardt, Andrew Kinga i Evelyn Tubb (<em>The Consort of Musicke<\/em>), Dawida Ebena (<em>Schola Gregoriana Pragensis<\/em>), Rene Zosso (<em>Clemecic Consort<\/em>), Marcela P\u00e9r\u00e8sa (<em>Organum<\/em>).<\/p>\n<p>Jako solistka wsp\u00f3\u0142pracuje z zespo\u0142ami i muzykami ze Szwajcarii, W\u0142och, Francji, Meksyku i Polski takimi jak\u00a0 <em>\u201eElyma\u201d<\/em>\u00a0 (dyr. Gabriel Garrido), <em>\u201eDe Caelis\u201d<\/em> (dyr. Laurence Brisset)<em>, \u201cFin Amor\u201d<\/em> (dyr. Paolo Zebolino, Genewa), <em>\u201eSintagma Musicum\u201d<\/em> (dyr. Gustavo Delgado), <em>\u201eFlores<\/em> <em>Harmonie\u201d<\/em> (dyr. Alexandre Traube), <em>\u201eArs Nova\u201d<\/em> (dyr. Jacek Urbaniak), <em>\u201cJ\u00e1caras\u201d<\/em> (dyr. Piotr Zaleski),<em> Flores Rosarum <\/em>(dyr. Susi Forfoglia), <em>Radomsk\u0105 Orkiestr\u0105 Kameraln\u0105<\/em> oraz z organistami i klawesynistami: Markiem Toporowskim, Henrykiem Janem Botorem, Norbertem Petry (Metz), Norbertem Brogginim (Genewa), Gustavo Delgado i Ofelia G\u00f3mez (Meksyk).<\/p>\n<p>&nbsp;<\/p>\n<p>Koncertowa\u0142a m.in. w Operze w Lyonie, Genewie, Lozannie, Operze Narodowej w Meksyku oraz na r\u00f3\u017cnych festiwalach w Polsce, Francji, Szwajcarii, Niemczech, Meksyku, W\u0142oszech, takich jak Bachakademie (dyr. Hellmuth Rilling), Festiwal d\u2019Ambroney, Festival Concerti d\u2019Autunno di Rho (W\u0142ochy), 24 heures de Musique (Romont, Szwajcaria), Festival Internacional de \u00d3rgano Barroco (Meksyk), Festival del Centro Hist\u00f3rico de la Ciudad de M\u00e9xico, Saisons Musicales w Fundation Royaumont (Francja), Polska Akademia Gitary<em>, <\/em>Festiwal Organowy (Koszalin), Festiwal Chanterelle (Go\u0142uch\u00f3w), Maj z Muzyk\u0105 Dawn\u0105 oraz \u00a0Forum Musicum (Wroc\u0142aw), Festiwal \u201eBanchetto Musicale\u201d w Wilnie, Festiwal \u201eFide et Amore\u201d w \u017borach (<em>Ordo Virtutum<\/em>, Hildegard Von Bingen), Festiwal Sacrum Profanum (Krak\u00f3w) &#8211; premiera \u201eKr\u00f3la Leara\u201d Paw\u0142a Mykietyna.<\/p>\n<p>&nbsp;<\/p>\n<p>Wyst\u0119puje jako solistka z wieloma muzykami i zespo\u0142ami muzyki dawnej. Jej repertuar obejmuje tak\u017ce muzyk\u0119 wsp\u00f3\u0142czesn\u0105 oraz tradycyjn\u0105 i klasyczn\u0105 z Meksyku i kraj\u00f3w Iberoameryka\u0144skich.<\/p>\n","protected":false},"excerpt":{"rendered":"<p>Julieta Gonzalez-Springer Urodzona w Meksyku, zaczyna\u0142a nauk\u0119 \u015bpiewu w Konserwatorium Narodowym w Meksyku. Uko\u0144czy\u0142a studia wokalne w krakowskiej Akademii Muzycznej pod kierunkiem Barbary Niewiadomskiej, a nast\u0119pnie studia podyplomowe w Centrum Muzyki Dawnej w Genewie pod kierunkiem Beatrice Cramoix w dziedzinie &hellip; <a href=\"http:\/\/cdmo.pl\/?p=265\">Czytaj dalej <span class=\"meta-nav\">&rarr;<\/span><\/a><\/p>\n","protected":false},"author":1,"featured_media":0,"comment_status":"open","ping_status":"open","sticky":false,"template":"","format":"standard","meta":[],"categories":[3],"tags":[],"_links":{"self":[{"href":"http:\/\/cdmo.pl\/index.php?rest_route=\/wp\/v2\/posts\/265"}],"collection":[{"href":"http:\/\/cdmo.pl\/index.php?rest_route=\/wp\/v2\/posts"}],"about":[{"href":"http:\/\/cdmo.pl\/index.php?rest_route=\/wp\/v2\/types\/post"}],"author":[{"embeddable":true,"href":"http:\/\/cdmo.pl\/index.php?rest_route=\/wp\/v2\/users\/1"}],"replies":[{"embeddable":true,"href":"http:\/\/cdmo.pl\/index.php?rest_route=%2Fwp%2Fv2%2Fcomments&post=265"}],"version-history":[{"count":5,"href":"http:\/\/cdmo.pl\/index.php?rest_route=\/wp\/v2\/posts\/265\/revisions"}],"predecessor-version":[{"id":311,"href":"http:\/\/cdmo.pl\/index.php?rest_route=\/wp\/v2\/posts\/265\/revisions\/311"}],"wp:attachment":[{"href":"http:\/\/cdmo.pl\/index.php?rest_route=%2Fwp%2Fv2%2Fmedia&parent=265"}],"wp:term":[{"taxonomy":"category","embeddable":true,"href":"http:\/\/cdmo.pl\/index.php?rest_route=%2Fwp%2Fv2%2Fcategories&post=265"},{"taxonomy":"post_tag","embeddable":true,"href":"http:\/\/cdmo.pl\/index.php?rest_route=%2Fwp%2Fv2%2Ftags&post=265"}],"curies":[{"name":"wp","href":"https:\/\/api.w.org\/{rel}","templated":true}]}}