{"id":294,"date":"2016-09-16T21:02:32","date_gmt":"2016-09-16T19:02:32","guid":{"rendered":"http:\/\/cdmo.pl\/?p=294"},"modified":"2016-09-16T21:05:45","modified_gmt":"2016-09-16T19:05:45","slug":"294","status":"publish","type":"post","link":"http:\/\/cdmo.pl\/?p=294","title":{"rendered":"Robert Majewski"},"content":{"rendered":"<p><a href=\"http:\/\/cdmo.pl\/wp-content\/uploads\/2016\/09\/majewski.jpg\"><img decoding=\"async\" loading=\"lazy\" class=\"alignnone size-medium wp-image-295\" src=\"http:\/\/cdmo.pl\/wp-content\/uploads\/2016\/09\/majewski-300x199.jpg\" alt=\"majewski\" width=\"300\" height=\"199\" srcset=\"http:\/\/cdmo.pl\/wp-content\/uploads\/2016\/09\/majewski-300x199.jpg 300w, http:\/\/cdmo.pl\/wp-content\/uploads\/2016\/09\/majewski.jpg 500w\" sizes=\"(max-width: 300px) 100vw, 300px\" \/><\/a><\/p>\n<h2>Robert Majewski<\/h2>\n<p>Jest jednym z czo\u0142owych polskich tr\u0119baczy. Jego ojciec, Henryk Majewski, by\u0142 r\u00f3wnie\u017c jazzowym tr\u0119baczem, a brat Wojciech jest pianist\u0105. W 1987 r. uko\u0144czy\u0142 studia muzyczne na Akademii Muzycznej w Warszawie. W latach 1986\u20131990 by\u0142 solist\u0105 Big Bandu &#8222;Studio S 1&#8221; Polskiego Radia pod dyrekcj\u0105 Andrzeja Trzaskowskiego.<\/p>\n<p>Laureat wielu nagr\u00f3d, m.in.: I nagroda zespo\u0142owa (wsp\u00f3lnie z zespo\u0142em New Presentation) i I nagroda indywidualna w konkursie <i>Jazz Juniors<\/i> w Krakowie (1983), I nagroda zespo\u0142owa (z tym samym zespo\u0142em) w konkursie w Leverkusen (1985), finalista \u015awiatowego Konkursu Tr\u0119baczy im. Louisa Armstronga w Waszyngtonie (1990), laureat pa\u0144stwowej nagrody im. Stanis\u0142awa Wyspia\u0144skiego (1990), tytu\u0142 &#8222;Muzyka Roku 1990&#8221; przyznany przez redakcj\u0119 III Programu Polskiego Radia oraz I nagroda zespo\u0142owa (wsp\u00f3lnie z zespo\u0142em In Spector), I nagroda indywidualna oraz tytu\u0142 &#8222;Europejskiego Jazzowego Artysty 1992&#8221; w Leverkusen (1992).<\/p>\n<p>W 1991 r. otrzyma\u0142 stypendium im. Krzysztofa Komedy oraz wyst\u0105pi\u0142 w filmie Andrzeja Jakimowskiego <i>Pog\u0142os<\/i>, kt\u00f3ry w tym samym roku otrzyma\u0142 nagrod\u0119 na festiwalu &#8222;Jazz Film Saloon 1991&#8221; w Warszawie.<\/p>\n<p>Wielokrotnie uczestniczy\u0142 w festiwalach organizowanych w Polsce i na \u015bwiecie, wsp\u00f3\u0142pracuj\u0105c z wieloma muzykami \u015bwiatowego formatu, m.in. z N.H.O.Pedersenem, Clarkiem Terrym, Nicolasem Paytonem, Royem Hargrove&#8217;em, Palle Danielssonem, Garrym Bartzem, Mino Cinelu, Peterem Herbolzhaimerem, Django Batesem, Nilsem Landgrenem, Bobo Stensonem, Joeyem Baronem, Billym Hartem oraz Janem Ptaszynem Wr\u00f3blewskim, Zbigniewem Namys\u0142owskim, Wojciechem Karolakiem, Henrykiem Mi\u015bkiewiczem, W\u0142odzimierzem Nahornym, Andrzejem Jagodzi\u0144skim, Wojciechem Niedziel\u0105, Jackiem Niedziel\u0105, Grzegorzem Nag\u00f3rskim i Piotrem Baronem, jak r\u00f3wnie\u017c wokalistami Ew\u0105 Bem, Hann\u0105 Banaszak, Urszul\u0105 Dudziak, Ag\u0105 Zaryan, Katarzyn\u0105 Groniec, Ann\u0105 Mari\u0105 Jopek, Edyt\u0105 Bartosiewicz, Kasi\u0105 Kowalsk\u0105, Grzegorzem Turnauem, Markiem Grechut\u0105, Kub\u0105 Badachem, Grzegorzem Ciechowskim i Micha\u0142em Bajorem. Do 2005 r. wsp\u00f3lnie ze swoim ojcem wyst\u0119powa\u0142 w zespole jazzu tradycyjnego <i>Old Timers<\/i>,<br \/>\na po jego \u015bmierci przej\u0105\u0142 rol\u0119 lidera.<\/p>\n<p>Tworzy\u0142 r\u00f3wnie\u017c muzyk\u0119 teatraln\u0105 i filmow\u0105, wsp\u00f3\u0142pracuj\u0105c m.in. ze Zbigniewem Preisnerem, Krzesimirem D\u0119bskim i Jerzym Satanowskim. Uczestniczy\u0142 w wielu sesjach nagraniowych artyst\u00f3w, z kt\u00f3rymi wsp\u00f3\u0142pracowa\u0142. Na swoim koncie ma r\u00f3wnie\u017c p\u0142yty autorskie.<\/p>\n<p>Zajmuje si\u0119 dzia\u0142alno\u015bci\u0105 pedagogiczn\u0105, m.in. na Wydziale Jazzu w ZPSM 2. stopnia im. Fryderyka Chopina w Warszawie oraz Instytucie Jazzu w PWSZ w Nysie. Corocznie wyk\u0142ada r\u00f3wnie\u017c na warsztatach muzycznych, m.in. w Chodzie\u017cy, Pu\u0142awach, Nysie i Lesznie. W 2006 r. w uznaniu osi\u0105gni\u0119\u0107 w propagowaniu polskiego jazzu otrzyma\u0142 Odznak\u0119 Honorow\u0105 Polskiego Stowarzyszenia Jazzowego.<\/p>\n","protected":false},"excerpt":{"rendered":"<p>Robert Majewski Jest jednym z czo\u0142owych polskich tr\u0119baczy. Jego ojciec, Henryk Majewski, by\u0142 r\u00f3wnie\u017c jazzowym tr\u0119baczem, a brat Wojciech jest pianist\u0105. W 1987 r. uko\u0144czy\u0142 studia muzyczne na Akademii Muzycznej w Warszawie. W latach 1986\u20131990 by\u0142 solist\u0105 Big Bandu &#8222;Studio &hellip; <a href=\"http:\/\/cdmo.pl\/?p=294\">Czytaj dalej <span class=\"meta-nav\">&rarr;<\/span><\/a><\/p>\n","protected":false},"author":1,"featured_media":0,"comment_status":"closed","ping_status":"closed","sticky":false,"template":"","format":"standard","meta":[],"categories":[1],"tags":[],"_links":{"self":[{"href":"http:\/\/cdmo.pl\/index.php?rest_route=\/wp\/v2\/posts\/294"}],"collection":[{"href":"http:\/\/cdmo.pl\/index.php?rest_route=\/wp\/v2\/posts"}],"about":[{"href":"http:\/\/cdmo.pl\/index.php?rest_route=\/wp\/v2\/types\/post"}],"author":[{"embeddable":true,"href":"http:\/\/cdmo.pl\/index.php?rest_route=\/wp\/v2\/users\/1"}],"replies":[{"embeddable":true,"href":"http:\/\/cdmo.pl\/index.php?rest_route=%2Fwp%2Fv2%2Fcomments&post=294"}],"version-history":[{"count":2,"href":"http:\/\/cdmo.pl\/index.php?rest_route=\/wp\/v2\/posts\/294\/revisions"}],"predecessor-version":[{"id":299,"href":"http:\/\/cdmo.pl\/index.php?rest_route=\/wp\/v2\/posts\/294\/revisions\/299"}],"wp:attachment":[{"href":"http:\/\/cdmo.pl\/index.php?rest_route=%2Fwp%2Fv2%2Fmedia&parent=294"}],"wp:term":[{"taxonomy":"category","embeddable":true,"href":"http:\/\/cdmo.pl\/index.php?rest_route=%2Fwp%2Fv2%2Fcategories&post=294"},{"taxonomy":"post_tag","embeddable":true,"href":"http:\/\/cdmo.pl\/index.php?rest_route=%2Fwp%2Fv2%2Ftags&post=294"}],"curies":[{"name":"wp","href":"https:\/\/api.w.org\/{rel}","templated":true}]}}